{"id":2013,"date":"2020-11-25T08:48:07","date_gmt":"2020-11-25T07:48:07","guid":{"rendered":"https:\/\/blog.fightplace.com\/?p=2013"},"modified":"2020-11-25T08:48:07","modified_gmt":"2020-11-25T07:48:07","slug":"black-friday-week-natuerlich-auch-bei-fightplace","status":"publish","type":"post","link":"https:\/\/blog.fightplace.com\/?p=2013","title":{"rendered":"Black-Friday-Week nat\u00fcrlich auch bei Fightplace!"},"content":{"rendered":"<p>Satte 33% auf alle Downloads und DVDs bis zum 30.11.2020.<br \/>\nNoch etwas in eigener Sache:<br \/>\nUnsere Pl\u00e4ne, in diesem Jahr richtig Gas zu geben und mehr Filme zu produzieren wurden durch Corona durchkreuzt.<br \/>\nImmer neue Regelungen, Verbote und Unklarheiten lie\u00dfen es nicht zu, unsere Vors\u00e4tze einzuhalten.<br \/>\nAuch hatten und haben nach wie vor so einige K\u00e4mpfer ihre Bedenken, gegen einen anderen, zum Teil Fremden, anzutreten. Verst\u00e4ndlich. Tag-Team-Battles oder 2 vs. 1 &#8211; K\u00e4mpfe sind zurzeit komplett verboten.<br \/>\nDaher bitten wir um Nachsicht, dass bisher nicht so viele K\u00e4mpfe stattfanden, wie eigentlich geplant waren.<br \/>\nSowie wir diese Pandemie \u00fcberstanden haben, holen wir das nach. Sofern wir es bis dahin finanziell schaffen.<br \/>\nDeshalb nochmals unsere Bitte und unser Aufruf an dich:<br \/>\nMit deiner Hilfe und Unterst\u00fctzung werden wir es schaffen, weiter zu machen und viele spannende<br \/>\nWrestling-Szenen auf die Beine zu stellen.<br \/>\nDazu brauchen wir aber wirklich die Unterst\u00fctzung jedes Einzelnen! Denn nur durch entsprechenden Umsatz lassen sich<br \/>\nunsere K\u00e4mpfer bezahlen, Locations mieten und alles Andere aufrecht erhalten.<br \/>\nWer meint, er m\u00fcsse warten, bis sein Wunschfilm kostenlos im Internet zu finden ist, tr\u00e4gt dazu bei, dass es<br \/>\nFightplace bald nicht mehr gibt.<br \/>\nWer wirklich Fan unserer Filme und unseres Teams ist, kauft den Film offiziell bei uns, unterst\u00fctzt uns sowie den K\u00e4mpfer damit und kann sich auch zuk\u00fcnftig auf neue Produktionen freuen.<br \/>\nBleib gesund, pass auf dich und andere auf!<br \/>\nViel Spa\u00df beim Shoppen und eine tolle Black-Week w\u00fcnscht dir das Team von Fightplace.<\/p>\n","protected":false},"excerpt":{"rendered":"<div class=\"mh-excerpt\"><p>Satte 33% auf alle Downloads und DVDs bis zum 30.11.2020. Noch etwas in eigener Sache: Unsere Pl\u00e4ne, in diesem Jahr richtig Gas zu geben und <a class=\"mh-excerpt-more\" href=\"https:\/\/blog.fightplace.com\/?p=2013\" title=\"Black-Friday-Week nat\u00fcrlich auch bei Fightplace!\">[&#8230;]<\/a><\/p>\n<\/div>","protected":false},"author":1,"featured_media":1201,"comment_status":"closed","ping_status":"open","sticky":false,"template":"","format":"standard","meta":[],"categories":[13],"tags":[],"_links":{"self":[{"href":"https:\/\/blog.fightplace.com\/index.php?rest_route=\/wp\/v2\/posts\/2013"}],"collection":[{"href":"https:\/\/blog.fightplace.com\/index.php?rest_route=\/wp\/v2\/posts"}],"about":[{"href":"https:\/\/blog.fightplace.com\/index.php?rest_route=\/wp\/v2\/types\/post"}],"author":[{"embeddable":true,"href":"https:\/\/blog.fightplace.com\/index.php?rest_route=\/wp\/v2\/users\/1"}],"replies":[{"embeddable":true,"href":"https:\/\/blog.fightplace.com\/index.php?rest_route=%2Fwp%2Fv2%2Fcomments&post=2013"}],"version-history":[{"count":1,"href":"https:\/\/blog.fightplace.com\/index.php?rest_route=\/wp\/v2\/posts\/2013\/revisions"}],"predecessor-version":[{"id":2014,"href":"https:\/\/blog.fightplace.com\/index.php?rest_route=\/wp\/v2\/posts\/2013\/revisions\/2014"}],"wp:featuredmedia":[{"embeddable":true,"href":"https:\/\/blog.fightplace.com\/index.php?rest_route=\/wp\/v2\/media\/1201"}],"wp:attachment":[{"href":"https:\/\/blog.fightplace.com\/index.php?rest_route=%2Fwp%2Fv2%2Fmedia&parent=2013"}],"wp:term":[{"taxonomy":"category","embeddable":true,"href":"https:\/\/blog.fightplace.com\/index.php?rest_route=%2Fwp%2Fv2%2Fcategories&post=2013"},{"taxonomy":"post_tag","embeddable":true,"href":"https:\/\/blog.fightplace.com\/index.php?rest_route=%2Fwp%2Fv2%2Ftags&post=2013"}],"curies":[{"name":"wp","href":"https:\/\/api.w.org\/{rel}","templated":true}]}}